{"id":31598,"date":"2021-08-26T11:18:33","date_gmt":"2021-08-26T11:18:33","guid":{"rendered":"https:\/\/2021jlid.de\/?post_type=article&#038;p=31598"},"modified":"2021-08-26T11:18:34","modified_gmt":"2021-08-26T11:18:34","slug":"stellungnahme-zu-antisemitischem-angriff-in-koeln-in-der-nacht-des-20-augusts","status":"publish","type":"article","link":"https:\/\/2021jlid.de\/en\/artikel\/stellungnahme-zu-antisemitischem-angriff-in-koeln-in-der-nacht-des-20-augusts\/","title":{"rendered":"Stellungnahme zu antisemitischem Angriff in K\u00f6ln in der Nacht des 20. Augusts"},"content":{"rendered":"\n<p>In der Nacht von Freitag, den 20. August 2021, wurde in K\u00f6ln ein Mann, der eine Kippa trug, in einem Park brutal zusammengeschlagen.<\/p>\n\n\n\n<p>Der Verein 321 ist entsetzt \u00fcber die Ereignisse.&nbsp;Jedweder Antisemitismus muss strafrechtlich verfolgt, das Strafrecht konsequent angewandt werden.<\/p>\n\n\n\n<p>Wir w\u00fcnschen dem Verletzten von Herzen gute Besserung und Kraft bei der Heilung seiner k\u00f6rperlichen und seelischen Wunden.<\/p>\n\n\n\n<p>Allen, die aufgrund dieser Tat Angst haben, m\u00f6chten wir unsere Solidarit\u00e4t zusichern. Ihr seid nicht allein! Wir weichen nicht zur Seite und k\u00e4mpfen weiter gegen Antisemitismus und f\u00fcr j\u00fcdisches Leben in Deutschland.<\/p>\n","protected":false},"excerpt":{"rendered":"<p>In der Nacht von Freitag, den 20. August 2021, wurde in K\u00f6ln ein Mann, der eine Kippa trug, in einem Park brutal zusammengeschlagen.<br \/>\nDer Verein 321 ist entsetzt \u00fcber die Ereignisse. Jedweder Antisemitismus muss strafrechtlich verfolgt, das Strafrecht konsequent angewandt werden.<\/p>\n","protected":false},"featured_media":31599,"template":"","yoast_head":"<!-- This site is optimized with the Yoast SEO plugin v19.4 - https:\/\/yoast.com\/wordpress\/plugins\/seo\/ -->\n<title>Stellungnahme zu antisemitischem Angriff in K\u00f6ln in der Nacht des 20. Augusts - JLID2021<\/title>\n<meta name=\"robots\" content=\"index, follow, max-snippet:-1, max-image-preview:large, max-video-preview:-1\" \/>\n<link rel=\"canonical\" href=\"https:\/\/2021jlid.de\/en\/artikel\/stellungnahme-zu-antisemitischem-angriff-in-koeln-in-der-nacht-des-20-augusts\/\" \/>\n<meta property=\"og:locale\" content=\"en_US\" \/>\n<meta property=\"og:type\" content=\"article\" \/>\n<meta property=\"og:title\" content=\"Stellungnahme zu antisemitischem Angriff in K\u00f6ln in der Nacht des 20. Augusts - JLID2021\" \/>\n<meta property=\"og:description\" content=\"In der Nacht von Freitag, den 20. August 2021, wurde in K\u00f6ln ein Mann, der eine Kippa trug, in einem Park brutal zusammengeschlagen. Der Verein 321 ist entsetzt \u00fcber die Ereignisse. Jedweder Antisemitismus muss strafrechtlich verfolgt, das Strafrecht konsequent angewandt werden.\" \/>\n<meta property=\"og:url\" content=\"https:\/\/2021jlid.de\/artikel\/stellungnahme-zu-antisemitischem-angriff-in-koeln-in-der-nacht-des-20-augusts\/\" \/>\n<meta property=\"og:site_name\" content=\"JLID2021\" \/>\n<meta property=\"article:modified_time\" content=\"2021-08-26T11:18:34+00:00\" \/>\n<meta property=\"og:image\" content=\"https:\/\/2021jlid.de\/wp-content\/uploads\/2021\/08\/Stimme-erheben-C-Axel-Springer-Verlag.jpg\" \/>\n\t<meta property=\"og:image:width\" content=\"1280\" \/>\n\t<meta property=\"og:image:height\" content=\"720\" \/>\n\t<meta property=\"og:image:type\" content=\"image\/jpeg\" \/>\n<meta name=\"twitter:card\" content=\"summary_large_image\" \/>\n<script type=\"application\/ld+json\" class=\"yoast-schema-graph\">{\"@context\":\"https:\/\/schema.org\",\"@graph\":[{\"@type\":\"WebSite\",\"@id\":\"https:\/\/2021jlid.de\/#website\",\"url\":\"https:\/\/2021jlid.de\/\",\"name\":\"JLID2021\",\"description\":\"J\u00fcdisches Leben in Deutschland\",\"potentialAction\":[{\"@type\":\"SearchAction\",\"target\":{\"@type\":\"EntryPoint\",\"urlTemplate\":\"https:\/\/2021jlid.de\/?s={search_term_string}\"},\"query-input\":\"required name=search_term_string\"}],\"inLanguage\":\"en-US\"},{\"@type\":\"WebPage\",\"@id\":\"https:\/\/2021jlid.de\/artikel\/stellungnahme-zu-antisemitischem-angriff-in-koeln-in-der-nacht-des-20-augusts\/\",\"url\":\"https:\/\/2021jlid.de\/artikel\/stellungnahme-zu-antisemitischem-angriff-in-koeln-in-der-nacht-des-20-augusts\/\",\"name\":\"Stellungnahme zu antisemitischem Angriff in K\u00f6ln in der Nacht des 20. Augusts - JLID2021\",\"isPartOf\":{\"@id\":\"https:\/\/2021jlid.de\/#website\"},\"datePublished\":\"2021-08-26T11:18:33+00:00\",\"dateModified\":\"2021-08-26T11:18:34+00:00\",\"breadcrumb\":{\"@id\":\"https:\/\/2021jlid.de\/artikel\/stellungnahme-zu-antisemitischem-angriff-in-koeln-in-der-nacht-des-20-augusts\/#breadcrumb\"},\"inLanguage\":\"en-US\",\"potentialAction\":[{\"@type\":\"ReadAction\",\"target\":[\"https:\/\/2021jlid.de\/artikel\/stellungnahme-zu-antisemitischem-angriff-in-koeln-in-der-nacht-des-20-augusts\/\"]}]},{\"@type\":\"BreadcrumbList\",\"@id\":\"https:\/\/2021jlid.de\/artikel\/stellungnahme-zu-antisemitischem-angriff-in-koeln-in-der-nacht-des-20-augusts\/#breadcrumb\",\"itemListElement\":[{\"@type\":\"ListItem\",\"position\":1,\"name\":\"Start\",\"item\":\"https:\/\/2021jlid.de\/en\/\"},{\"@type\":\"ListItem\",\"position\":2,\"name\":\"Stellungnahme zu antisemitischem Angriff in K\u00f6ln in der Nacht des 20. Augusts\"}]}]}<\/script>\n<!-- \/ Yoast SEO plugin. -->","yoast_head_json":{"title":"Stellungnahme zu antisemitischem Angriff in K\u00f6ln in der Nacht des 20. Augusts - JLID2021","robots":{"index":"index","follow":"follow","max-snippet":"max-snippet:-1","max-image-preview":"max-image-preview:large","max-video-preview":"max-video-preview:-1"},"canonical":"https:\/\/2021jlid.de\/en\/artikel\/stellungnahme-zu-antisemitischem-angriff-in-koeln-in-der-nacht-des-20-augusts\/","og_locale":"en_US","og_type":"article","og_title":"Stellungnahme zu antisemitischem Angriff in K\u00f6ln in der Nacht des 20. Augusts - JLID2021","og_description":"In der Nacht von Freitag, den 20. August 2021, wurde in K\u00f6ln ein Mann, der eine Kippa trug, in einem Park brutal zusammengeschlagen. Der Verein 321 ist entsetzt \u00fcber die Ereignisse. Jedweder Antisemitismus muss strafrechtlich verfolgt, das Strafrecht konsequent angewandt werden.","og_url":"https:\/\/2021jlid.de\/artikel\/stellungnahme-zu-antisemitischem-angriff-in-koeln-in-der-nacht-des-20-augusts\/","og_site_name":"JLID2021","article_modified_time":"2021-08-26T11:18:34+00:00","og_image":[{"width":1280,"height":720,"url":"https:\/\/2021jlid.de\/wp-content\/uploads\/2021\/08\/Stimme-erheben-C-Axel-Springer-Verlag.jpg","type":"image\/jpeg"}],"twitter_card":"summary_large_image","schema":{"@context":"https:\/\/schema.org","@graph":[{"@type":"WebSite","@id":"https:\/\/2021jlid.de\/#website","url":"https:\/\/2021jlid.de\/","name":"JLID2021","description":"J\u00fcdisches Leben in Deutschland","potentialAction":[{"@type":"SearchAction","target":{"@type":"EntryPoint","urlTemplate":"https:\/\/2021jlid.de\/?s={search_term_string}"},"query-input":"required name=search_term_string"}],"inLanguage":"en-US"},{"@type":"WebPage","@id":"https:\/\/2021jlid.de\/artikel\/stellungnahme-zu-antisemitischem-angriff-in-koeln-in-der-nacht-des-20-augusts\/","url":"https:\/\/2021jlid.de\/artikel\/stellungnahme-zu-antisemitischem-angriff-in-koeln-in-der-nacht-des-20-augusts\/","name":"Stellungnahme zu antisemitischem Angriff in K\u00f6ln in der Nacht des 20. Augusts - JLID2021","isPartOf":{"@id":"https:\/\/2021jlid.de\/#website"},"datePublished":"2021-08-26T11:18:33+00:00","dateModified":"2021-08-26T11:18:34+00:00","breadcrumb":{"@id":"https:\/\/2021jlid.de\/artikel\/stellungnahme-zu-antisemitischem-angriff-in-koeln-in-der-nacht-des-20-augusts\/#breadcrumb"},"inLanguage":"en-US","potentialAction":[{"@type":"ReadAction","target":["https:\/\/2021jlid.de\/artikel\/stellungnahme-zu-antisemitischem-angriff-in-koeln-in-der-nacht-des-20-augusts\/"]}]},{"@type":"BreadcrumbList","@id":"https:\/\/2021jlid.de\/artikel\/stellungnahme-zu-antisemitischem-angriff-in-koeln-in-der-nacht-des-20-augusts\/#breadcrumb","itemListElement":[{"@type":"ListItem","position":1,"name":"Start","item":"https:\/\/2021jlid.de\/en\/"},{"@type":"ListItem","position":2,"name":"Stellungnahme zu antisemitischem Angriff in K\u00f6ln in der Nacht des 20. Augusts"}]}]}},"_links":{"self":[{"href":"https:\/\/2021jlid.de\/en\/wp-json\/wp\/v2\/article\/31598"}],"collection":[{"href":"https:\/\/2021jlid.de\/en\/wp-json\/wp\/v2\/article"}],"about":[{"href":"https:\/\/2021jlid.de\/en\/wp-json\/wp\/v2\/types\/article"}],"wp:featuredmedia":[{"embeddable":true,"href":"https:\/\/2021jlid.de\/en\/wp-json\/wp\/v2\/media\/31599"}],"wp:attachment":[{"href":"https:\/\/2021jlid.de\/en\/wp-json\/wp\/v2\/media?parent=31598"}],"curies":[{"name":"wp","href":"https:\/\/api.w.org\/{rel}","templated":true}]}}