{"id":53427,"date":"2021-11-23T08:59:14","date_gmt":"2021-11-23T08:59:14","guid":{"rendered":"https:\/\/2021jlid.de\/?post_type=article&#038;p=53427"},"modified":"2021-11-23T08:59:14","modified_gmt":"2021-11-23T08:59:14","slug":"liebste-fenchel-ein-literaturkonzert-ueber-die-komponistin-fanny-hensel-mendelssohn","status":"publish","type":"article","link":"https:\/\/2021jlid.de\/en\/artikel\/liebste-fenchel-ein-literaturkonzert-ueber-die-komponistin-fanny-hensel-mendelssohn\/","title":{"rendered":"Liebste Fenchel! Ein Literaturkonzert \u00fcber die Komponistin Fanny Hensel-Mendelssohn"},"content":{"rendered":"\n<p>Tauchen Sie ein in die Welt der ber\u00fchmten Geschwister Mendelssohn-Bartholdy.\u00a0<br>Erleben Sie ein literarisches Konzert mit Musik von Fanny und Felix mit dem herausragenden Pianisten Cosmin Boeru und der\u00a0bekannten Schauspielerin Sibylle Bertsch<br>\u201eLiebste Fenchel\u201c &#8211; so nannte Komponist Felix Mendelssohn-Bartholdy seine vier Jahre<br>\u00e4ltere und musikalisch hochbegabte Schwester Fanny. Sie gilt heute als die bedeutendste<br>Komponistin des 19. Jahrhunderts. Felix Mendelssohn galt schon zu seinen Lebzeiten als Ikone seiner Zeit.<br>So vielf\u00e4ltig wie ihre Musik, sind auch die Themen der Geschwister: Es geht um die j\u00fcdische Familie, die sich im preussischen\u00a0Berlin assimiliert und evangelisch wird , die Hochbegabung der Kinder, die von den Eltern gef\u00f6rdert werden, ihre\u00a0unterschiedlichen Lebenswege und ihre Verbundenheit.<br>Basierend auf den Briefen und Tagebuchaufzeichnungen der Geschwister und Familienmitglieder hat Schriftsteller Peter\u00a0H\u00e4rtling eine bewegende und einf\u00fchlsame Roman-Biographie \u00fcber Fanny Hensel (geb. Mendelssohn) geschrieben.<br><br><strong>Deutschland Forum Volkshochschule K\u00f6ln, Im Rautenstrauch Joest-Museum, C\u00e4cilienstra\u00dfe 29-33 50676 K\u00f6ln<\/strong><br><\/p>\n\n\n\n<p><strong>Eintritt frei. <\/strong><\/p>\n\n\n\n<p><strong>Anmeldung:\u00a0<\/strong> <a style=\"font-weight: bold;\" href=\"mailto:vhs-kultur@stadt-koeln.de\">vhs-kultur@stadt-koeln.de<\/a><\/p>\n\n\n\n<p><\/p>\n\n\n\n<p>Gitta Kleinberger Presseb\u00fcro Kleinberger :<\/p>\n\n\n\n<p>Mobil: 0049- (0) 170 &#8211; 282 55 95 <\/p>\n\n\n\n<p>E-Mail:\u00a0<a href=\"mailto:info@pressebuero-kleinberger.de\">info@pressebuero-kleinberger.de<\/a><\/p>\n","protected":false},"excerpt":{"rendered":"<p>Tauchen Sie ein in die Welt der ber\u00fchmten Geschwister Mendelssohn-Bartholdy. Am 12 Dezember um 16 Uhr in K\u00f6ln.<\/p>\n","protected":false},"featured_media":53428,"template":"","yoast_head":"<!-- This site is optimized with the Yoast SEO plugin v19.4 - https:\/\/yoast.com\/wordpress\/plugins\/seo\/ -->\n<title>Liebste Fenchel! Ein Literaturkonzert \u00fcber die Komponistin Fanny Hensel-Mendelssohn - JLID2021<\/title>\n<meta name=\"robots\" content=\"index, follow, max-snippet:-1, max-image-preview:large, max-video-preview:-1\" \/>\n<link rel=\"canonical\" href=\"https:\/\/2021jlid.de\/en\/artikel\/liebste-fenchel-ein-literaturkonzert-ueber-die-komponistin-fanny-hensel-mendelssohn\/\" \/>\n<meta property=\"og:locale\" content=\"en_US\" \/>\n<meta property=\"og:type\" content=\"article\" \/>\n<meta property=\"og:title\" content=\"Liebste Fenchel! Ein Literaturkonzert \u00fcber die Komponistin Fanny Hensel-Mendelssohn - JLID2021\" \/>\n<meta property=\"og:description\" content=\"Tauchen Sie ein in die Welt der ber\u00fchmten Geschwister Mendelssohn-Bartholdy. Am 12 Dezember um 16 Uhr in K\u00f6ln.\" \/>\n<meta property=\"og:url\" content=\"https:\/\/2021jlid.de\/artikel\/liebste-fenchel-ein-literaturkonzert-ueber-die-komponistin-fanny-hensel-mendelssohn\/\" \/>\n<meta property=\"og:site_name\" content=\"JLID2021\" \/>\n<meta property=\"og:image\" content=\"https:\/\/2021jlid.de\/wp-content\/uploads\/2021\/11\/Fanny-und-Felix-Mendelssohn-577x340-1.jpg\" \/>\n\t<meta property=\"og:image:width\" content=\"577\" \/>\n\t<meta property=\"og:image:height\" content=\"340\" \/>\n\t<meta property=\"og:image:type\" content=\"image\/jpeg\" \/>\n<meta name=\"twitter:card\" content=\"summary_large_image\" \/>\n<meta name=\"twitter:label1\" content=\"Est. reading time\" \/>\n\t<meta name=\"twitter:data1\" content=\"1 minute\" \/>\n<script type=\"application\/ld+json\" class=\"yoast-schema-graph\">{\"@context\":\"https:\/\/schema.org\",\"@graph\":[{\"@type\":\"WebSite\",\"@id\":\"https:\/\/2021jlid.de\/#website\",\"url\":\"https:\/\/2021jlid.de\/\",\"name\":\"JLID2021\",\"description\":\"J\u00fcdisches Leben in Deutschland\",\"potentialAction\":[{\"@type\":\"SearchAction\",\"target\":{\"@type\":\"EntryPoint\",\"urlTemplate\":\"https:\/\/2021jlid.de\/?s={search_term_string}\"},\"query-input\":\"required name=search_term_string\"}],\"inLanguage\":\"en-US\"},{\"@type\":\"WebPage\",\"@id\":\"https:\/\/2021jlid.de\/artikel\/liebste-fenchel-ein-literaturkonzert-ueber-die-komponistin-fanny-hensel-mendelssohn\/\",\"url\":\"https:\/\/2021jlid.de\/artikel\/liebste-fenchel-ein-literaturkonzert-ueber-die-komponistin-fanny-hensel-mendelssohn\/\",\"name\":\"Liebste Fenchel! Ein Literaturkonzert \u00fcber die Komponistin Fanny Hensel-Mendelssohn - JLID2021\",\"isPartOf\":{\"@id\":\"https:\/\/2021jlid.de\/#website\"},\"datePublished\":\"2021-11-23T08:59:14+00:00\",\"dateModified\":\"2021-11-23T08:59:14+00:00\",\"breadcrumb\":{\"@id\":\"https:\/\/2021jlid.de\/artikel\/liebste-fenchel-ein-literaturkonzert-ueber-die-komponistin-fanny-hensel-mendelssohn\/#breadcrumb\"},\"inLanguage\":\"en-US\",\"potentialAction\":[{\"@type\":\"ReadAction\",\"target\":[\"https:\/\/2021jlid.de\/artikel\/liebste-fenchel-ein-literaturkonzert-ueber-die-komponistin-fanny-hensel-mendelssohn\/\"]}]},{\"@type\":\"BreadcrumbList\",\"@id\":\"https:\/\/2021jlid.de\/artikel\/liebste-fenchel-ein-literaturkonzert-ueber-die-komponistin-fanny-hensel-mendelssohn\/#breadcrumb\",\"itemListElement\":[{\"@type\":\"ListItem\",\"position\":1,\"name\":\"Start\",\"item\":\"https:\/\/2021jlid.de\/en\/\"},{\"@type\":\"ListItem\",\"position\":2,\"name\":\"Liebste Fenchel! Ein Literaturkonzert \u00fcber die Komponistin Fanny Hensel-Mendelssohn\"}]}]}<\/script>\n<!-- \/ Yoast SEO plugin. -->","yoast_head_json":{"title":"Liebste Fenchel! Ein Literaturkonzert \u00fcber die Komponistin Fanny Hensel-Mendelssohn - JLID2021","robots":{"index":"index","follow":"follow","max-snippet":"max-snippet:-1","max-image-preview":"max-image-preview:large","max-video-preview":"max-video-preview:-1"},"canonical":"https:\/\/2021jlid.de\/en\/artikel\/liebste-fenchel-ein-literaturkonzert-ueber-die-komponistin-fanny-hensel-mendelssohn\/","og_locale":"en_US","og_type":"article","og_title":"Liebste Fenchel! Ein Literaturkonzert \u00fcber die Komponistin Fanny Hensel-Mendelssohn - JLID2021","og_description":"Tauchen Sie ein in die Welt der ber\u00fchmten Geschwister Mendelssohn-Bartholdy. Am 12 Dezember um 16 Uhr in K\u00f6ln.","og_url":"https:\/\/2021jlid.de\/artikel\/liebste-fenchel-ein-literaturkonzert-ueber-die-komponistin-fanny-hensel-mendelssohn\/","og_site_name":"JLID2021","og_image":[{"width":577,"height":340,"url":"https:\/\/2021jlid.de\/wp-content\/uploads\/2021\/11\/Fanny-und-Felix-Mendelssohn-577x340-1.jpg","type":"image\/jpeg"}],"twitter_card":"summary_large_image","twitter_misc":{"Est. reading time":"1 minute"},"schema":{"@context":"https:\/\/schema.org","@graph":[{"@type":"WebSite","@id":"https:\/\/2021jlid.de\/#website","url":"https:\/\/2021jlid.de\/","name":"JLID2021","description":"J\u00fcdisches Leben in Deutschland","potentialAction":[{"@type":"SearchAction","target":{"@type":"EntryPoint","urlTemplate":"https:\/\/2021jlid.de\/?s={search_term_string}"},"query-input":"required name=search_term_string"}],"inLanguage":"en-US"},{"@type":"WebPage","@id":"https:\/\/2021jlid.de\/artikel\/liebste-fenchel-ein-literaturkonzert-ueber-die-komponistin-fanny-hensel-mendelssohn\/","url":"https:\/\/2021jlid.de\/artikel\/liebste-fenchel-ein-literaturkonzert-ueber-die-komponistin-fanny-hensel-mendelssohn\/","name":"Liebste Fenchel! Ein Literaturkonzert \u00fcber die Komponistin Fanny Hensel-Mendelssohn - JLID2021","isPartOf":{"@id":"https:\/\/2021jlid.de\/#website"},"datePublished":"2021-11-23T08:59:14+00:00","dateModified":"2021-11-23T08:59:14+00:00","breadcrumb":{"@id":"https:\/\/2021jlid.de\/artikel\/liebste-fenchel-ein-literaturkonzert-ueber-die-komponistin-fanny-hensel-mendelssohn\/#breadcrumb"},"inLanguage":"en-US","potentialAction":[{"@type":"ReadAction","target":["https:\/\/2021jlid.de\/artikel\/liebste-fenchel-ein-literaturkonzert-ueber-die-komponistin-fanny-hensel-mendelssohn\/"]}]},{"@type":"BreadcrumbList","@id":"https:\/\/2021jlid.de\/artikel\/liebste-fenchel-ein-literaturkonzert-ueber-die-komponistin-fanny-hensel-mendelssohn\/#breadcrumb","itemListElement":[{"@type":"ListItem","position":1,"name":"Start","item":"https:\/\/2021jlid.de\/en\/"},{"@type":"ListItem","position":2,"name":"Liebste Fenchel! Ein Literaturkonzert \u00fcber die Komponistin Fanny Hensel-Mendelssohn"}]}]}},"_links":{"self":[{"href":"https:\/\/2021jlid.de\/en\/wp-json\/wp\/v2\/article\/53427"}],"collection":[{"href":"https:\/\/2021jlid.de\/en\/wp-json\/wp\/v2\/article"}],"about":[{"href":"https:\/\/2021jlid.de\/en\/wp-json\/wp\/v2\/types\/article"}],"wp:featuredmedia":[{"embeddable":true,"href":"https:\/\/2021jlid.de\/en\/wp-json\/wp\/v2\/media\/53428"}],"wp:attachment":[{"href":"https:\/\/2021jlid.de\/en\/wp-json\/wp\/v2\/media?parent=53427"}],"curies":[{"name":"wp","href":"https:\/\/api.w.org\/{rel}","templated":true}]}}