{"id":1595,"date":"2021-01-12T16:07:00","date_gmt":"2021-01-12T16:07:00","guid":{"rendered":"https:\/\/2021jlid.de\/?post_type=press_release&#038;p=1595"},"modified":"2021-01-18T13:10:09","modified_gmt":"2021-01-18T13:10:09","slug":"ministerpraesidentin-malu-dreyer-damals-wie-heute-gehoert-juedisches-leben-zu-rheinland-pfalz","status":"publish","type":"press_release","link":"https:\/\/2021jlid.de\/en\/pressemitteilungen\/ministerpraesidentin-malu-dreyer-damals-wie-heute-gehoert-juedisches-leben-zu-rheinland-pfalz\/","title":{"rendered":"Ministerpr\u00e4sidentin Malu Dreyer: Damals wie heute geh\u00f6rt J\u00fcdisches Leben zu Rheinland-Pfalz"},"content":{"rendered":"\n<p>Landesregierung und j\u00fcdische Gemeinden haben den Startschuss f\u00fcr das Festjahr \u201e1700 Jahre j\u00fcdisches Leben in Rheinland-Pfalz\u201c (#2021JLID) gegeben. Ein umfangreiches Programm mit mehr als 70 Veranstaltungen von 30 Partnerinnen und Partnern wird 2021 j\u00fcdisches Leben in Rheinland-Pfalz sichtbarer machen und ein deutliches Zeichen gegen Antisemitismus setzen. \u201eAllen Programmpunkten ist gemeinsam, dass sie vielf\u00e4ltige Begegnungen mit dem Judentum erm\u00f6glichen. Wir wollen zeigen, dass es seit vielen Jahrhunderten ein bedeutender Bestandteil unserer Kultur ist. Wir richten den Blick aber auch in die Gegenwart und in die Zukunft j\u00fcdischen Lebens. Gemeinsam machen wir deutlich, dass jede Form von Antisemitismus bei uns keinen Platz hat\u201c, sagte Ministerpr\u00e4sidentin Malu Dreyer bei der Programmvorstellung in Mainz. An der Pressekonferenz nahmen auch Kulturminister Prof Dr. Konrad Wolf sowie der Beauftragte der Ministerpr\u00e4sidentin f\u00fcr j\u00fcdisches Leben und Antisemitismusfragen, Dieter Burgard, der Vorsitzende des Landesverbandes der J\u00fcdischen Gemeinden in Rheinland-Pfalz, Avadislav Avadiev, und Sylvia L\u00f6hrmann (Generalsekret\u00e4rin) und&nbsp;Andrei Kovacs (leitender Gesch\u00e4ftsf\u00fchrer) vom&nbsp;Verein \u201e321-2021: 1700 Jahre j\u00fcdisches Leben in Deutschland\u201c, teil.<br class=\"\"><br class=\"\">Ein Erlass des r\u00f6mischen Kaisers Konstantin aus dem Jahr 321 gilt als das \u00e4lteste erhaltene Schriftzeugnis j\u00fcdischen Lebens auf dem Gebiet des heutigen Deutschlands.&nbsp;<br class=\"\"><br class=\"\">Das 1700-j\u00e4hrige Jubil\u00e4um wird bundesweit unter Schirmherrschaft des Bundespr\u00e4sidenten vom Verein \u201e321-2021: 1700 Jahre j\u00fcdisches Leben in Deutschland\u201c mit Sitz in K\u00f6ln organisiert und koordiniert. Alle mehr als 1000 geplanten Veranstaltungen in Deutschland stehen nat\u00fcrlich unter dem Vorbehalt der aktuellen Corona-Situation.<\/p>\n\n\n\n<p><strong>Ministerpr\u00e4sidentin Malu Dreyer<\/strong>&nbsp;dankte dem Verein, den j\u00fcdischen Gemeinden im Land sowie den zahlreichen Akteuren, Initiativen und Institutionen, die das Jubil\u00e4um in Rheinland-Pfalz trotz aller Schwierigkeiten durch die Corona-Pandemie so engagiert gestalten. \u201eWir freuen uns auf dieses besondere Festjahr und die vielf\u00e4ltigen Begegnungen mit der j\u00fcdischen Kultur. F\u00fcr Rheinland-Pfalz ist es umso bedeutender, da in diesem Jahr \u00fcber die Aufnahme der SchUM-St\u00e4tten in das UNESCO-Weltkulturerbe entschieden wird\u201c, so die Ministerpr\u00e4sidentin.<\/p>\n\n\n\n<p>\u201eDie Monumente und Friedh\u00f6fe in den SchUM-Gemeinden sind einzigartige Zeugnisse der kontinuierlichen, \u00fcber tausendj\u00e4hrigen Pr\u00e4senz j\u00fcdischer Gemeinden in unserem heutigen Bundesland, an denen die Geschichte der Begegnung und Verfolgung gleicherma\u00dfen eindr\u00fccklich ablesbar ist\u201c, sagte <strong>Kulturminister Prof. Dr. Konrad Wolf.<\/strong>&nbsp;Die Eintragung in die Liste des UNESCO-Welterbes w\u00fcrde ihre Bedeutung als au\u00dfergew\u00f6hnliche Zeugnisse j\u00fcdischer Geschichte und christlich-j\u00fcdischer Begegnungen unterstreichen. Sie w\u00fcrde gleichzeitig aber auch die M\u00f6glichkeit er\u00f6ffnen, mehr noch als bisher, j\u00fcdische Geschichte, Kultur und Religion in ihrer Vielf\u00e4ltigkeit zu vermitteln und vor allem auf ganz verschiedenen Ebenen miteinander ins Gespr\u00e4ch zu kommen, so Wolf.<\/p>\n\n\n\n<p>Der&nbsp;<strong>Koordinator f\u00fcr das Festjahr in Rheinland-Pfalz, Dieter Burgard<\/strong>&nbsp;informierte \u00fcber die Akteure des Festjahres, zu denen unter anderem die Landeszentrale f\u00fcr politische Bildung, die Volkshochschulen, der Kultursommer, die Villa Musica, das P\u00e4dagogische Landesinstitut, die j\u00fcdischen Gemeinden, der Landesverband der Bibliotheken wie auch regionale Institutionen und Kommunen geh\u00f6ren. \u201eEinige H\u00f6hepunkte sind eine Konzerttournee mit israelischen Musikern und ein Sch\u00fclerwettbewerb der Leo Trepp Stiftung f\u00fcr alle 9. und 10.Klassen. Dem SWR danke ich f\u00fcr einen Filmbeitrag, der am 17. Januar im Fernsehen gezeigt wird\u201c, so der Beauftragte der Ministerpr\u00e4sidentin f\u00fcr j\u00fcdisches Leben und Antisemitismusfragen.&nbsp;<br><br>\u201eEs ist wichtig, durch die Veranstaltungen des Festjahres der Gesellschaft einen Impuls zu einem neuen Miteinander zu geben und dabei Klischees und Vorurteile abzubauen\u201c, sagte <strong>Avadislav Avadiev, Vorsitzender des Landesverbandes der j\u00fcdischen Gemeinden von Rheinland-Pfalz<\/strong>. Es werde von einer Vielzahl von Akteuren, j\u00fcdischen und nicht j\u00fcdischen Institutionen, Vereinen, Initiativen, K\u00fcnstlerinnen und K\u00fcnstlern unterst\u00fctzt. \u201eWir m\u00f6chten alle ganz herzlich dazu einladen, mit Ihren Familien, die diversen Veranstaltungen zu besuchen und so Teil der gelebten Vielfalt zu werden\u201c, so Avadiev.<\/p>\n\n\n\n<p>Die&nbsp;<strong>Generalsekret\u00e4rin des Vereins \u201e321-2021: 1700 Jahre j\u00fcdisches Leben in Deutschland\u201c Staatsministerin a. D. Sylvia L\u00f6hrmann<\/strong>&nbsp;betonte: \u201eJ\u00fcdinnen und Juden haben unser Land an unz\u00e4hligen Stellen ma\u00dfgeblich mitgestaltet und gepr\u00e4gt. Im Festjahr wollen wir auch die gro\u00dfe Vielfalt des Judentums von heute sichtbar und erlebbar machen. Wir werden Raum f\u00fcr Begegnungen schaffen. Begegnungen und Gespr\u00e4che schaffen N\u00e4he. Nutzen wir diese Chance!\u201c<\/p>\n\n\n\n<p><strong>Der leitende Gesch\u00e4ftsf\u00fchrer des Vereins \u201e321-2021: 1700 Jahre j\u00fcdisches Leben in Deutschland\u201c Andrei Kovacs<\/strong>&nbsp;erg\u00e4nzte: \u201eDer Beginn des Festjahres in Rheinland-Pfalz ist ein wichtiger und bedeutender Schritt im gemeinsamen Kampf gegen Antisemitismus und ein wichtiger Beitrag f\u00fcr eine Zukunft j\u00fcdischen Lebens in Deutschland. Unser Ziel ist es, dass j\u00fcdisches Leben in Deutschland zu einem St\u00fcck Normalit\u00e4t wird.\u201c<\/p>\n\n\n\n<p>Alle Informationen rund um das Festjahr sind auf der Homepage <strong><a class=\"\" href=\"http:\/\/www.2021jlid.de\/\">www.2021JLID.de<\/a><\/strong>&nbsp;zu finden \u2013 und auf den Sozialen Kan\u00e4len.<\/p>\n\n\n\n<p>\u2022&nbsp;&nbsp;&nbsp;&nbsp;&nbsp;&nbsp;&nbsp;&nbsp;&nbsp; Facebook:&nbsp;<a href=\"http:\/\/www.facebook.com\/2021JLID\" class=\"\">www.facebook.com\/2021JLID<\/a><\/p>\n\n\n\n<p>\u2022&nbsp;&nbsp;&nbsp;&nbsp;&nbsp;&nbsp;&nbsp;&nbsp;&nbsp; Instagram:&nbsp;<a href=\"http:\/\/www.instagram.com\/2021JLID\" class=\"\">www.instagram.com\/2021JLID<\/a><\/p>\n\n\n\n<p>\u2022&nbsp;&nbsp;&nbsp;&nbsp;&nbsp;&nbsp;&nbsp;&nbsp;&nbsp; Twitter:&nbsp;<a class=\"\" href=\"http:\/\/www.twitter.com\/2021JLID\">www.twitter.com\/2021JLID<\/a><\/p>\n\n\n\n<p><\/p>\n\n\n\n<p>F\u00fcr R\u00fcckfragen:<\/p>\n\n\n\n<p><strong>Nambowa Mugalu<br>Leiterin Presse- und \u00d6ffentlichkeitsarbeit<br>321\u20132021: 1700 Jahre j\u00fcdisches Leben in Deutschland e.V.<\/strong><br>c\/o Synagogen-Gemeinde K\u00f6ln \u00b7 Ottostra\u00dfe 85 \u00b7 50823 K\u00f6ln<br>Telefon: +49 221- 968 828-22 &amp; +49 221- 968 828-30<br>Fax: +49 221 \u2013 968 828 -92<br>E-Mail: nambowa.mugalu@2021JLID.de \u00b7 www.2021JLID.de<br>Facebook: www.facebook.com\/2021JLID \u00b7 Instagram: @2021JLID<\/p>\n","protected":false},"excerpt":{"rendered":"<p>Landesregierung und j\u00fcdische Gemeinden haben den Startschuss f\u00fcr das Festjahr \u201e1700 Jahre j\u00fcdisches Leben in Rheinland-Pfalz\u201c (#2021JLID) gegeben. Ein umfangreiches Programm mit mehr als 70 Veranstaltungen von 30 Partnerinnen und Partnern wird 2021 j\u00fcdisches Leben in Rheinland-Pfalz sichtbarer machen und ein deutliches Zeichen gegen Antisemitismus setzen. \u201eAllen Programmpunkten ist gemeinsam, dass sie vielf\u00e4ltige Begegnungen mit dem Judentum erm\u00f6glichen. Wir wollen zeigen, dass es seit vielen Jahrhunderten ein bedeutender Bestandteil unserer Kultur ist. <\/p>\n","protected":false},"featured_media":0,"template":"","yoast_head":"<!-- This site is optimized with the Yoast SEO plugin v19.4 - https:\/\/yoast.com\/wordpress\/plugins\/seo\/ -->\n<title>Ministerpr\u00e4sidentin Malu Dreyer: Damals wie heute geh\u00f6rt J\u00fcdisches Leben zu Rheinland-Pfalz - JLID2021<\/title>\n<meta name=\"robots\" content=\"index, follow, max-snippet:-1, max-image-preview:large, max-video-preview:-1\" \/>\n<link rel=\"canonical\" href=\"https:\/\/2021jlid.de\/en\/pressemitteilungen\/ministerpraesidentin-malu-dreyer-damals-wie-heute-gehoert-juedisches-leben-zu-rheinland-pfalz\/\" \/>\n<meta property=\"og:locale\" content=\"en_US\" \/>\n<meta property=\"og:type\" content=\"article\" \/>\n<meta property=\"og:title\" content=\"Ministerpr\u00e4sidentin Malu Dreyer: Damals wie heute geh\u00f6rt J\u00fcdisches Leben zu Rheinland-Pfalz - JLID2021\" \/>\n<meta property=\"og:description\" content=\"Landesregierung und j\u00fcdische Gemeinden haben den Startschuss f\u00fcr das Festjahr \u201e1700 Jahre j\u00fcdisches Leben in Rheinland-Pfalz\u201c (#2021JLID) gegeben. Ein umfangreiches Programm mit mehr als 70 Veranstaltungen von 30 Partnerinnen und Partnern wird 2021 j\u00fcdisches Leben in Rheinland-Pfalz sichtbarer machen und ein deutliches Zeichen gegen Antisemitismus setzen. \u201eAllen Programmpunkten ist gemeinsam, dass sie vielf\u00e4ltige Begegnungen mit dem Judentum erm\u00f6glichen. Wir wollen zeigen, dass es seit vielen Jahrhunderten ein bedeutender Bestandteil unserer Kultur ist.\" \/>\n<meta property=\"og:url\" content=\"https:\/\/2021jlid.de\/en\/pressemitteilungen\/ministerpraesidentin-malu-dreyer-damals-wie-heute-gehoert-juedisches-leben-zu-rheinland-pfalz\/\" \/>\n<meta property=\"og:site_name\" content=\"JLID2021\" \/>\n<meta property=\"article:modified_time\" content=\"2021-01-18T13:10:09+00:00\" \/>\n<meta name=\"twitter:card\" content=\"summary_large_image\" \/>\n<meta name=\"twitter:label1\" content=\"Est. reading time\" \/>\n\t<meta name=\"twitter:data1\" content=\"4 minutes\" \/>\n<script type=\"application\/ld+json\" class=\"yoast-schema-graph\">{\"@context\":\"https:\/\/schema.org\",\"@graph\":[{\"@type\":\"WebSite\",\"@id\":\"https:\/\/2021jlid.de\/#website\",\"url\":\"https:\/\/2021jlid.de\/\",\"name\":\"JLID2021\",\"description\":\"J\u00fcdisches Leben in Deutschland\",\"potentialAction\":[{\"@type\":\"SearchAction\",\"target\":{\"@type\":\"EntryPoint\",\"urlTemplate\":\"https:\/\/2021jlid.de\/?s={search_term_string}\"},\"query-input\":\"required name=search_term_string\"}],\"inLanguage\":\"en-US\"},{\"@type\":\"WebPage\",\"@id\":\"https:\/\/2021jlid.de\/en\/pressemitteilungen\/ministerpraesidentin-malu-dreyer-damals-wie-heute-gehoert-juedisches-leben-zu-rheinland-pfalz\/\",\"url\":\"https:\/\/2021jlid.de\/en\/pressemitteilungen\/ministerpraesidentin-malu-dreyer-damals-wie-heute-gehoert-juedisches-leben-zu-rheinland-pfalz\/\",\"name\":\"Ministerpr\u00e4sidentin Malu Dreyer: Damals wie heute geh\u00f6rt J\u00fcdisches Leben zu Rheinland-Pfalz - JLID2021\",\"isPartOf\":{\"@id\":\"https:\/\/2021jlid.de\/#website\"},\"datePublished\":\"2021-01-12T16:07:00+00:00\",\"dateModified\":\"2021-01-18T13:10:09+00:00\",\"breadcrumb\":{\"@id\":\"https:\/\/2021jlid.de\/en\/pressemitteilungen\/ministerpraesidentin-malu-dreyer-damals-wie-heute-gehoert-juedisches-leben-zu-rheinland-pfalz\/#breadcrumb\"},\"inLanguage\":\"en-US\",\"potentialAction\":[{\"@type\":\"ReadAction\",\"target\":[\"https:\/\/2021jlid.de\/en\/pressemitteilungen\/ministerpraesidentin-malu-dreyer-damals-wie-heute-gehoert-juedisches-leben-zu-rheinland-pfalz\/\"]}]},{\"@type\":\"BreadcrumbList\",\"@id\":\"https:\/\/2021jlid.de\/en\/pressemitteilungen\/ministerpraesidentin-malu-dreyer-damals-wie-heute-gehoert-juedisches-leben-zu-rheinland-pfalz\/#breadcrumb\",\"itemListElement\":[{\"@type\":\"ListItem\",\"position\":1,\"name\":\"Start\",\"item\":\"https:\/\/2021jlid.de\/en\/\"},{\"@type\":\"ListItem\",\"position\":2,\"name\":\"Ministerpr\u00e4sidentin Malu Dreyer: Damals wie heute geh\u00f6rt J\u00fcdisches Leben zu Rheinland-Pfalz\"}]}]}<\/script>\n<!-- \/ Yoast SEO plugin. -->","yoast_head_json":{"title":"Ministerpr\u00e4sidentin Malu Dreyer: Damals wie heute geh\u00f6rt J\u00fcdisches Leben zu Rheinland-Pfalz - JLID2021","robots":{"index":"index","follow":"follow","max-snippet":"max-snippet:-1","max-image-preview":"max-image-preview:large","max-video-preview":"max-video-preview:-1"},"canonical":"https:\/\/2021jlid.de\/en\/pressemitteilungen\/ministerpraesidentin-malu-dreyer-damals-wie-heute-gehoert-juedisches-leben-zu-rheinland-pfalz\/","og_locale":"en_US","og_type":"article","og_title":"Ministerpr\u00e4sidentin Malu Dreyer: Damals wie heute geh\u00f6rt J\u00fcdisches Leben zu Rheinland-Pfalz - JLID2021","og_description":"Landesregierung und j\u00fcdische Gemeinden haben den Startschuss f\u00fcr das Festjahr \u201e1700 Jahre j\u00fcdisches Leben in Rheinland-Pfalz\u201c (#2021JLID) gegeben. Ein umfangreiches Programm mit mehr als 70 Veranstaltungen von 30 Partnerinnen und Partnern wird 2021 j\u00fcdisches Leben in Rheinland-Pfalz sichtbarer machen und ein deutliches Zeichen gegen Antisemitismus setzen. \u201eAllen Programmpunkten ist gemeinsam, dass sie vielf\u00e4ltige Begegnungen mit dem Judentum erm\u00f6glichen. Wir wollen zeigen, dass es seit vielen Jahrhunderten ein bedeutender Bestandteil unserer Kultur ist.","og_url":"https:\/\/2021jlid.de\/en\/pressemitteilungen\/ministerpraesidentin-malu-dreyer-damals-wie-heute-gehoert-juedisches-leben-zu-rheinland-pfalz\/","og_site_name":"JLID2021","article_modified_time":"2021-01-18T13:10:09+00:00","twitter_card":"summary_large_image","twitter_misc":{"Est. reading time":"4 minutes"},"schema":{"@context":"https:\/\/schema.org","@graph":[{"@type":"WebSite","@id":"https:\/\/2021jlid.de\/#website","url":"https:\/\/2021jlid.de\/","name":"JLID2021","description":"J\u00fcdisches Leben in Deutschland","potentialAction":[{"@type":"SearchAction","target":{"@type":"EntryPoint","urlTemplate":"https:\/\/2021jlid.de\/?s={search_term_string}"},"query-input":"required name=search_term_string"}],"inLanguage":"en-US"},{"@type":"WebPage","@id":"https:\/\/2021jlid.de\/en\/pressemitteilungen\/ministerpraesidentin-malu-dreyer-damals-wie-heute-gehoert-juedisches-leben-zu-rheinland-pfalz\/","url":"https:\/\/2021jlid.de\/en\/pressemitteilungen\/ministerpraesidentin-malu-dreyer-damals-wie-heute-gehoert-juedisches-leben-zu-rheinland-pfalz\/","name":"Ministerpr\u00e4sidentin Malu Dreyer: Damals wie heute geh\u00f6rt J\u00fcdisches Leben zu Rheinland-Pfalz - JLID2021","isPartOf":{"@id":"https:\/\/2021jlid.de\/#website"},"datePublished":"2021-01-12T16:07:00+00:00","dateModified":"2021-01-18T13:10:09+00:00","breadcrumb":{"@id":"https:\/\/2021jlid.de\/en\/pressemitteilungen\/ministerpraesidentin-malu-dreyer-damals-wie-heute-gehoert-juedisches-leben-zu-rheinland-pfalz\/#breadcrumb"},"inLanguage":"en-US","potentialAction":[{"@type":"ReadAction","target":["https:\/\/2021jlid.de\/en\/pressemitteilungen\/ministerpraesidentin-malu-dreyer-damals-wie-heute-gehoert-juedisches-leben-zu-rheinland-pfalz\/"]}]},{"@type":"BreadcrumbList","@id":"https:\/\/2021jlid.de\/en\/pressemitteilungen\/ministerpraesidentin-malu-dreyer-damals-wie-heute-gehoert-juedisches-leben-zu-rheinland-pfalz\/#breadcrumb","itemListElement":[{"@type":"ListItem","position":1,"name":"Start","item":"https:\/\/2021jlid.de\/en\/"},{"@type":"ListItem","position":2,"name":"Ministerpr\u00e4sidentin Malu Dreyer: Damals wie heute geh\u00f6rt J\u00fcdisches Leben zu Rheinland-Pfalz"}]}]}},"_links":{"self":[{"href":"https:\/\/2021jlid.de\/en\/wp-json\/wp\/v2\/press_release\/1595"}],"collection":[{"href":"https:\/\/2021jlid.de\/en\/wp-json\/wp\/v2\/press_release"}],"about":[{"href":"https:\/\/2021jlid.de\/en\/wp-json\/wp\/v2\/types\/press_release"}],"wp:attachment":[{"href":"https:\/\/2021jlid.de\/en\/wp-json\/wp\/v2\/media?parent=1595"}],"curies":[{"name":"wp","href":"https:\/\/api.w.org\/{rel}","templated":true}]}}