{"id":4985,"date":"2021-03-11T14:33:37","date_gmt":"2021-03-11T14:33:37","guid":{"rendered":"https:\/\/2021jlid.de\/press-releases\/vatikan-leiht-nachweis-ueber-1700-jahre-juedisches-leben-an-koeln-aus\/"},"modified":"2021-04-22T10:27:28","modified_gmt":"2021-04-22T10:27:28","slug":"vatikan-leiht-nachweis-ueber-1700-jahre-juedisches-leben-an-koeln-aus","status":"publish","type":"press_release","link":"https:\/\/2021jlid.de\/en\/press-releases\/vatikan-leiht-nachweis-ueber-1700-jahre-juedisches-leben-an-koeln-aus\/","title":{"rendered":"Vatican lends evidence of 1700 years of Jewish life to Cologne"},"content":{"rendered":"\n<p><strong>Abraham Lehrer: \u201cA great gesture of trust\u201d<\/strong><\/p>\n\n\n\n<p><strong>Cologne, March 11, 2021: The Vatican has agreed to provide the Archdiocese of Cologne with the oldest written record of Jewish life in Germany for an exhibition: an early copy of the edict of Emperor Constantine from the year 321, in which the Roman emperor allowed city councils to include Jews in the city administration. The oldest surviving copy of this law is found in the Codex Theodosianus, a collection of writings from late antiquity, which is kept in the Vatican library. In response to a letter from Cardinal Woelki, Archbishop of Cologne, the library has now agreed to make the document available on loan.<\/strong><\/p>\n\n\n\n<p>It will be shown in the fall in an exhibition jointly curated by MiQua. LVR Jewish Museum in the Archaeological Quarter (MiQua) and Kolumba. This will be on view for one year starting in September at Kolumba, the art museum of the Archdiocese of Cologne, as part of the German-Jewish Year of Celebration #2021JLID. On the basis of top-class exhibits from Germany and abroad, topics, developments and turning points in the 1700 years of Jewish history and culture will be outlined. The Edict of Emperor Constantine will be on display for one month as part of this exhibition. The exact dates are still to be determined. We will provide information on our website on the topic page \u201cEdict\u201d:\u00a0<a href=\"https:\/\/2021jlid.de\/en\/edikt\/\">https:\/\/2021jlid.de\/edikt\/<\/a><\/p>\n\n\n\n<p>\u201cWe were delighted by the great gesture made by the Vatican and its trust in lending this valuable document. It shows us the solidarity of the churches with Judaism, which I have also already experienced when I had the chance to visit Pope Francis in October 2020 as part of the delegation with NRW Prime Minister Armin Laschet,\u201d says Abraham Lehrer, chairman of the society\u2019s general assembly and vice president of the Central Council of Jews, also in his capacity as a board member of the Cologne synagogue community. \u201cThe Jewish community is grateful to the Vatican and Pope Francis!\u201d<\/p>\n\n\n\n<p>This is also a special event for Milena Karabaic, head of Cultural Affairs at the Landschaftsverband Rheinland: \u201cFor the LVR, the Decree of Constantine is the key object and the most important source document not only for the festival year, but also for our future museum and for our research on Jewish history and culture. Together with the office of the Archbishop and our partner for the exhibition, Kolumba, we made intensive preliminary efforts to obtain the loan of this object of world historical significance and are extremely pleased with the generous gesture of the Vatican library. In the context of other international loans, the decree will have a very special effect in the Kolumba\u2019s wonderful exhibition spaces.\u201d<\/p>\n\n\n\n<p>\u201cThe response to our society\u2019s project to create spaces for encounters and to trace Jewish life with all its facets in the present is overwhelming, not just in Germany but Europe-wide! Moreover, the Vatican has displayed a great sign of religious solidarity with this loan,\u201d says Dr. Matthias Schreiber, Chairman of the Society 321.<\/p>\n\n\n\n<p>For queries:\u00a0<\/p>\n\n\n\n<p><a><strong>NAMBOWA MUGALU<\/strong><\/a><br>Head of Press &amp; PR<br>321\u20132021: 1700 Jahre j\u00fcdisches Leben in Deutschland e.V.<br>c\/o Synagogen-Gemeinde K\u00f6ln \u00b7 Ottostra\u00dfe 85 \u00b7\u00a050823 K\u00f6ln<br>Telefon: +49 221- 968 828-22 &amp; +49 221- 968 828-30<br>Fax: +49 221 \u2013 968 828 -92<br>E-Mail:\u00a0<a href=\"mailto:nambowa.mugalu@2021JLID.de\">NAMBOWA.MUGALU@2021JLID.DE<\/a>\u00a0\u00b7\u00a0\u00a0<a rel=\"noreferrer noopener\" href=\"http:\/\/www.2021jlid.de\/\" target=\"_blank\">WWW.2021JLID.DE<\/a><br>Facebook:\u00a0<a rel=\"noreferrer noopener\" href=\"http:\/\/www.facebook.com\/2021JLID\" target=\"_blank\">WWW.FACEBOOK.COM\/2021JLID<\/a>\u00a0\u00b7\u00a0Instagram:\u00a0<a href=\"http:\/\/www.instagram.com\/2021JLID\">@2021JLID<\/a><\/p>\n","protected":false},"excerpt":{"rendered":"<p>Abraham Lehrer: \u201eEine gro\u00dfe Geste des Vertrauens\u201c.<\/p>\n<p>Der Vatikan hat dem Erzbistum K\u00f6ln zugesagt, den \u00e4ltesten schriftlichen Nachweis \u00fcber j\u00fcdisches Leben in Deutschland f\u00fcr eine Ausstellung zur Verf\u00fcgung zu stellen: eine fr\u00fche Abschrift des Ediktes von Kaiser Konstantin aus dem Jahr 321.<\/p>\n","protected":false},"featured_media":4974,"template":"","yoast_head":"<!-- This site is optimized with the Yoast SEO plugin v19.4 - https:\/\/yoast.com\/wordpress\/plugins\/seo\/ -->\n<title>Vatican lends evidence of 1700 years of Jewish life to Cologne - JLID2021<\/title>\n<meta name=\"robots\" content=\"index, follow, max-snippet:-1, max-image-preview:large, max-video-preview:-1\" \/>\n<link rel=\"canonical\" href=\"https:\/\/2021jlid.de\/en\/press-releases\/vatikan-leiht-nachweis-ueber-1700-jahre-juedisches-leben-an-koeln-aus\/\" \/>\n<meta property=\"og:locale\" content=\"en_US\" \/>\n<meta property=\"og:type\" content=\"article\" \/>\n<meta property=\"og:title\" content=\"Vatican lends evidence of 1700 years of Jewish life to Cologne - JLID2021\" \/>\n<meta property=\"og:description\" content=\"Abraham Lehrer: \u201eEine gro\u00dfe Geste des Vertrauens\u201c. Der Vatikan hat dem Erzbistum K\u00f6ln zugesagt, den \u00e4ltesten schriftlichen Nachweis \u00fcber j\u00fcdisches Leben in Deutschland f\u00fcr eine Ausstellung zur Verf\u00fcgung zu stellen: eine fr\u00fche Abschrift des Ediktes von Kaiser Konstantin aus dem Jahr 321.\" \/>\n<meta property=\"og:url\" content=\"https:\/\/2021jlid.de\/en\/press-releases\/vatikan-leiht-nachweis-ueber-1700-jahre-juedisches-leben-an-koeln-aus\/\" \/>\n<meta property=\"og:site_name\" content=\"JLID2021\" \/>\n<meta property=\"article:modified_time\" content=\"2021-04-22T10:27:28+00:00\" \/>\n<meta property=\"og:image\" content=\"https:\/\/2021jlid.de\/wp-content\/uploads\/2021\/03\/Edikt-Konstantin-quer.jpg\" \/>\n\t<meta property=\"og:image:width\" content=\"1920\" \/>\n\t<meta property=\"og:image:height\" content=\"990\" \/>\n\t<meta property=\"og:image:type\" content=\"image\/jpeg\" \/>\n<meta name=\"twitter:card\" content=\"summary_large_image\" \/>\n<meta name=\"twitter:label1\" content=\"Est. reading time\" \/>\n\t<meta name=\"twitter:data1\" content=\"3 minutes\" \/>\n<script type=\"application\/ld+json\" class=\"yoast-schema-graph\">{\"@context\":\"https:\/\/schema.org\",\"@graph\":[{\"@type\":\"WebSite\",\"@id\":\"https:\/\/2021jlid.de\/#website\",\"url\":\"https:\/\/2021jlid.de\/\",\"name\":\"JLID2021\",\"description\":\"J\u00fcdisches Leben in Deutschland\",\"potentialAction\":[{\"@type\":\"SearchAction\",\"target\":{\"@type\":\"EntryPoint\",\"urlTemplate\":\"https:\/\/2021jlid.de\/?s={search_term_string}\"},\"query-input\":\"required name=search_term_string\"}],\"inLanguage\":\"en-US\"},{\"@type\":\"WebPage\",\"@id\":\"https:\/\/2021jlid.de\/en\/press-releases\/vatikan-leiht-nachweis-ueber-1700-jahre-juedisches-leben-an-koeln-aus\/\",\"url\":\"https:\/\/2021jlid.de\/en\/press-releases\/vatikan-leiht-nachweis-ueber-1700-jahre-juedisches-leben-an-koeln-aus\/\",\"name\":\"Vatican lends evidence of 1700 years of Jewish life to Cologne - JLID2021\",\"isPartOf\":{\"@id\":\"https:\/\/2021jlid.de\/#website\"},\"datePublished\":\"2021-03-11T14:33:37+00:00\",\"dateModified\":\"2021-04-22T10:27:28+00:00\",\"breadcrumb\":{\"@id\":\"https:\/\/2021jlid.de\/en\/press-releases\/vatikan-leiht-nachweis-ueber-1700-jahre-juedisches-leben-an-koeln-aus\/#breadcrumb\"},\"inLanguage\":\"en-US\",\"potentialAction\":[{\"@type\":\"ReadAction\",\"target\":[\"https:\/\/2021jlid.de\/en\/press-releases\/vatikan-leiht-nachweis-ueber-1700-jahre-juedisches-leben-an-koeln-aus\/\"]}]},{\"@type\":\"BreadcrumbList\",\"@id\":\"https:\/\/2021jlid.de\/en\/press-releases\/vatikan-leiht-nachweis-ueber-1700-jahre-juedisches-leben-an-koeln-aus\/#breadcrumb\",\"itemListElement\":[{\"@type\":\"ListItem\",\"position\":1,\"name\":\"Start\",\"item\":\"https:\/\/2021jlid.de\/en\/\"},{\"@type\":\"ListItem\",\"position\":2,\"name\":\"Vatican lends evidence of 1700 years of Jewish life to Cologne\"}]}]}<\/script>\n<!-- \/ Yoast SEO plugin. -->","yoast_head_json":{"title":"Vatican lends evidence of 1700 years of Jewish life to Cologne - JLID2021","robots":{"index":"index","follow":"follow","max-snippet":"max-snippet:-1","max-image-preview":"max-image-preview:large","max-video-preview":"max-video-preview:-1"},"canonical":"https:\/\/2021jlid.de\/en\/press-releases\/vatikan-leiht-nachweis-ueber-1700-jahre-juedisches-leben-an-koeln-aus\/","og_locale":"en_US","og_type":"article","og_title":"Vatican lends evidence of 1700 years of Jewish life to Cologne - JLID2021","og_description":"Abraham Lehrer: \u201eEine gro\u00dfe Geste des Vertrauens\u201c. Der Vatikan hat dem Erzbistum K\u00f6ln zugesagt, den \u00e4ltesten schriftlichen Nachweis \u00fcber j\u00fcdisches Leben in Deutschland f\u00fcr eine Ausstellung zur Verf\u00fcgung zu stellen: eine fr\u00fche Abschrift des Ediktes von Kaiser Konstantin aus dem Jahr 321.","og_url":"https:\/\/2021jlid.de\/en\/press-releases\/vatikan-leiht-nachweis-ueber-1700-jahre-juedisches-leben-an-koeln-aus\/","og_site_name":"JLID2021","article_modified_time":"2021-04-22T10:27:28+00:00","og_image":[{"width":1920,"height":990,"url":"https:\/\/2021jlid.de\/wp-content\/uploads\/2021\/03\/Edikt-Konstantin-quer.jpg","type":"image\/jpeg"}],"twitter_card":"summary_large_image","twitter_misc":{"Est. reading time":"3 minutes"},"schema":{"@context":"https:\/\/schema.org","@graph":[{"@type":"WebSite","@id":"https:\/\/2021jlid.de\/#website","url":"https:\/\/2021jlid.de\/","name":"JLID2021","description":"J\u00fcdisches Leben in Deutschland","potentialAction":[{"@type":"SearchAction","target":{"@type":"EntryPoint","urlTemplate":"https:\/\/2021jlid.de\/?s={search_term_string}"},"query-input":"required name=search_term_string"}],"inLanguage":"en-US"},{"@type":"WebPage","@id":"https:\/\/2021jlid.de\/en\/press-releases\/vatikan-leiht-nachweis-ueber-1700-jahre-juedisches-leben-an-koeln-aus\/","url":"https:\/\/2021jlid.de\/en\/press-releases\/vatikan-leiht-nachweis-ueber-1700-jahre-juedisches-leben-an-koeln-aus\/","name":"Vatican lends evidence of 1700 years of Jewish life to Cologne - JLID2021","isPartOf":{"@id":"https:\/\/2021jlid.de\/#website"},"datePublished":"2021-03-11T14:33:37+00:00","dateModified":"2021-04-22T10:27:28+00:00","breadcrumb":{"@id":"https:\/\/2021jlid.de\/en\/press-releases\/vatikan-leiht-nachweis-ueber-1700-jahre-juedisches-leben-an-koeln-aus\/#breadcrumb"},"inLanguage":"en-US","potentialAction":[{"@type":"ReadAction","target":["https:\/\/2021jlid.de\/en\/press-releases\/vatikan-leiht-nachweis-ueber-1700-jahre-juedisches-leben-an-koeln-aus\/"]}]},{"@type":"BreadcrumbList","@id":"https:\/\/2021jlid.de\/en\/press-releases\/vatikan-leiht-nachweis-ueber-1700-jahre-juedisches-leben-an-koeln-aus\/#breadcrumb","itemListElement":[{"@type":"ListItem","position":1,"name":"Start","item":"https:\/\/2021jlid.de\/en\/"},{"@type":"ListItem","position":2,"name":"Vatican lends evidence of 1700 years of Jewish life to Cologne"}]}]}},"_links":{"self":[{"href":"https:\/\/2021jlid.de\/en\/wp-json\/wp\/v2\/press_release\/4985"}],"collection":[{"href":"https:\/\/2021jlid.de\/en\/wp-json\/wp\/v2\/press_release"}],"about":[{"href":"https:\/\/2021jlid.de\/en\/wp-json\/wp\/v2\/types\/press_release"}],"wp:featuredmedia":[{"embeddable":true,"href":"https:\/\/2021jlid.de\/en\/wp-json\/wp\/v2\/media\/4974"}],"wp:attachment":[{"href":"https:\/\/2021jlid.de\/en\/wp-json\/wp\/v2\/media?parent=4985"}],"curies":[{"name":"wp","href":"https:\/\/api.w.org\/{rel}","templated":true}]}}