{"id":55211,"date":"2022-06-22T10:47:38","date_gmt":"2022-06-22T10:47:38","guid":{"rendered":"https:\/\/2021jlid.de\/?post_type=press_release&#038;p=55211"},"modified":"2022-06-22T10:49:27","modified_gmt":"2022-06-22T10:49:27","slug":"festjahr-1700-jahre-juedisches-leben-in-deutschland-geht-zu-ende-das-festjahr-haette-das-zeug-fuer-eine-ganze-dekade","status":"publish","type":"press_release","link":"https:\/\/2021jlid.de\/en\/pressemitteilungen\/festjahr-1700-jahre-juedisches-leben-in-deutschland-geht-zu-ende-das-festjahr-haette-das-zeug-fuer-eine-ganze-dekade\/","title":{"rendered":"Festjahr \u201e1700 Jahre j\u00fcdisches Leben in Deutschland\u201c geht zu Ende: \u201eDas Festjahr h\u00e4tte das Zeug f\u00fcr eine ganze Dekade!\u201c"},"content":{"rendered":"\n<p><strong><em>K\u00f6ln, 20.06.2022<\/em><\/strong>&nbsp;1700 Jahre j\u00fcdisches Leben in Deutschland \u2013 f\u00fcr den Verein \u201e321-2021: 1700 Jahre J\u00fcdisches Leben in Deutschland\u201c war das Anlass, auf die wechselvolle Geschichte der J\u00fcdinnen*Juden in Deutschland zu blicken \u2013 vor allem aber auf die vielf\u00e4ltige, lebendige Gegenwart. In mehr als&nbsp;<strong>2400 Veranstaltungen<\/strong>&nbsp;hat der Verein gemeinsam mit&nbsp;<strong>\u00fcber 840 Projektpartnern<\/strong>&nbsp;j\u00fcdische Feste gefeiert, Einblicke in Gegenwart und Tradition j\u00fcdischen Lebens in Deutschland gegeben, Ausstellungen organisiert, zu Konzerten, Lesungen, Theater- und Tanzabenden eingeladen und Begegnungsm\u00f6glichkeiten im digitalen Raum geschaffen. Gerechnet hatte der Verein mit 1000 Veranstaltungen, die Resonanz war also \u00fcberw\u00e4ltigend.<br><br><strong>Abraham Lehrer<\/strong>, Vizepr\u00e4sident des Zentralrats der Juden sowie Gr\u00fcndungsmitglied und Vorsitzender der Mitgliederversammlung des Vereins 321 res\u00fcmiert: \u201eWir haben gesehen, dass sich viele Menschen erstmals mit j\u00fcdischem Leben heute, mit j\u00fcdischer Geschichte und j\u00fcdischen Perspektiven besch\u00e4ftigt haben. Das war uns wichtig. Wir hoffen, dass neue R\u00e4ume des Kennenlernens geschaffen wurden und dass die neuen Vernetzungen bestehen bleiben.\u201c<\/p>\n\n\n\n<p>Gemeinsam mit seinen Partnern ist es dem Verein 321 trotz Corona-Pandemie gelungen, dem Thema \u201ej\u00fcdisches Leben in Deutschland\u201c \u00fcber eineinhalb Jahre nachhaltig Aufmerksamkeit zu verschaffen:&nbsp;<strong>\u00fcber 20 Artikel t\u00e4glich&nbsp;<\/strong>sind weltweit&nbsp;in On- und Offline Publikationen erschienen, dazu zahlreiche Radio- und TV-Sendungen, Podcasts, YouTube-Videos, Instagram- und Facebook-Livestreams<strong>.&nbsp;<\/strong>Es gab<strong>&nbsp;\u00fcber 40 Sonderseiten im Netz<\/strong>&nbsp;zu \u201e1700 Jahre j\u00fcdisches Leben\u201c, auf denen u.a. TV- und Radiosender, Zeitungen, Bundesl\u00e4nder, St\u00e4dte, Kommunen und die Kirchen ihre Programme bewarben. Dazu gab es&nbsp;<strong>rund 30.000 Zugriffe pro Monat auf die Webseite<\/strong>&nbsp;des Festjahres&nbsp;<a href=\"http:\/\/www.2021jlid.de\/\">www.2021JLID.de<\/a>&nbsp;mit dem Veranstaltungskalender und den vereinseigenen Projekten.<\/p>\n\n\n\n<p>\u201eDas Festjahr war ein starkes Zeichen gegen Antisemitismus. Es hat gezeigt, wie vielf\u00e4ltig j\u00fcdisches Leben in Deutschland ist und wie viel Deutschland seinen j\u00fcdischen B\u00fcrgerinnen und B\u00fcrgern zu verdanken hat\u201c, sagt der fr\u00fchere NRW-Ministerpr\u00e4sident und Vorsitzende des Kuratoriums f\u00fcr den Verein 321,&nbsp;<strong>J\u00fcrgen R\u00fcttgers<\/strong>.<\/p>\n\n\n\n<p>Mehrere hunderttausend Menschen d\u00fcrften in den vergangenen Monaten dem Festjahr #2021JLID begegnet sein: Beim Versenden eines Briefs mit der&nbsp;<strong>Sondermarke des Festjahres \u201eCHAI \u2013 Auf das Leben!\u201c<\/strong>, beim Fahren in einer eigens f\u00fcr das Festjahr gestalteten&nbsp;<strong>Stra\u00dfen- oder Schwebebahn&nbsp;<\/strong>mit dem Friedensgru\u00df Shalom, beim H\u00f6ren eines&nbsp;<strong>Songs zum Festjahr<\/strong>&nbsp;im Radio, beim Vor\u00fcbergehen an einer der bunten&nbsp;<strong>Flaggen des Festjahres<\/strong>&nbsp;oder beim Lesen einer Zeitung, beim Fernsehen oder Surfen im Web oder beim Besuch einer der vielen Veranstaltungen des Festjahres.<br><br>Breit wahrgenommen wurde etwa die Late-Night-Sendung&nbsp;<strong>\u201eFreitagnacht Jews\u201c&nbsp;<\/strong>im WDR, moderiert von Daniel Donskoy, die es ohne das Festjahr wohl nicht gegeben h\u00e4tte. In diesem Jahr wurde sie mit dem Grimme-Preis ausgezeichnet.<br>&nbsp;<br>Auch durch seine eigenen Projekte hat der Verein 321 dazu beigetragen, eines seiner zentralen Ziele umzusetzen: j\u00fcdisches Leben sichtbar und erlebbar zu machen.<\/p>\n\n\n\n<p>Dazu z\u00e4hlen folgende Projekte:&nbsp;<br><br><strong>MENTSH! \u2013 Das Begegnungsfestival<\/strong><br>Mit dem Festival \u201eMENTSH!\u201c hat der Verein j\u00fcdischer Kultur eine B\u00fchne gegeben. Das reichte von Lesungen und Konzerten deutschlandweit bis zu Online-Formaten wie dem Live- Kochworkshops u. a. mit Star-Koch Tom Franz. Weitere Informationen:&nbsp;<a href=\"https:\/\/mentshen.de\/\">https:\/\/mentshen.de\/<\/a>&nbsp;&nbsp;<br><br><strong>Sukkot XXL<\/strong><br>Mit Sukkot XXL wurde vom 20. bis 27. September 2021 erstmals in Deutschland das j\u00fcdische Laubh\u00fcttenfest \u2013 Sukkot \u2013 in einer breiten \u00d6ffentlichkeit gefeiert. Dazu haben Menschen in 13 Bundesl\u00e4ndern \u00fcber 40 Laubh\u00fctten im \u00f6ffentlichen Raum aufgestellt. Um anderen das Fest n\u00e4herzubringen, hat Rabbiner Julian-Chaim Soussan in einem Video-Tutorial erkl\u00e4rt, wie man eine Sukka baut; das j\u00fcdische Puppentheater Bubales hat f\u00fcr Kinder und Familien ein humorvolles Erkl\u00e4r-Video entwickelt und an Besucher*innen vor Ort wurden rund 9.000 Exemplare des Mal- und Mitmachbuchs \u201eKomm wir feiern Sukkot\u201c verteilt. Den Wettbewerb \u201eDie coolste Sukka\u201c gewann das Wald-Gymnasium Berlin mit einer komplett \u00f6kologischen Sukka. Weitere Informationen:&nbsp;<a href=\"http:\/\/sukkotxxl.de\/\">http:\/\/sukkotxxl.de\/<\/a>&nbsp;<br><br><strong>Buch \u201eWir sind da!\u201c<\/strong><br>Zum Festjahr hat der Verein 321 ein \u2013 von vielen Kritiker*innen gelobtes Buch \u2013 herausgebracht. In \u201eWir sind da!\u201c beschreibt Uwe von Seltmann die Vielfalt des j\u00fcdischen Lebens heute und blickt auf die reichhaltige Geschichte des deutschen Judentums: von den Anf\u00e4ngen im Mittelalter \u00fcber den langen Kampf um Gleichberechtigung und den schwierigen Neuanfang nach der Schoah. Die Erstauflage des Buches lag bei: 3200 Exemplaren. Die zweite Auflage bei: 2000.<br><br><strong>Podcast #2021JLID<\/strong><br>Im Podcast zum Festjahr sprechen die Journalist*innen Shelly Kupferberg, Mirna Funk und Miron Tenenberg mit jeweils einem Gast intensiv \u00fcber Lebenswege, Berufe und Forschungsgebiete. Immer im Fokus: j\u00fcdische Identit\u00e4t in Deutschland.<\/p>\n\n\n\n<p>Seit Sendebeginn im Januar 2021 wurden 71 Folgen ver\u00f6ffentlicht. Die 72. und letzte Folge wird im Juli 2022 gesendet. Die Gesamtzahl der Downloads und Streams liegt bei \u00fcber 100.000 (Stand: 20.6.2022). Die Gesamtzahl der Abonnent*innen liegt bei \u00fcber 35.000 (Stand: 20.6.2022). Der Podcast wird in Deutschland, der Schweiz, \u00d6sterreich, den USA, Israel, den Niederlanden, Brasilien, Italien, Frankreich und Belgien geh\u00f6rt (Stand: 20. Juni 2022) und hat in der Bewertung auf Spotify von 5 m\u00f6glichen Sternen 4,9 Sterne. Weitere Informationen:&nbsp;<a href=\"https:\/\/2021jlid.de\/podcast\/\">https:\/\/2021jlid.de\/podcast\/<\/a>&nbsp;&nbsp;<br><br><strong>Digitale Impulse<\/strong><br>In der zw\u00f6lfteiligen Video-Reihe \u201eDigitale Impulse\u201c stellten die Lehrkr\u00e4fte Julia Hendrich und Felix Bjerke Bildungsakteure und deren Zug\u00e4nge zum Thema j\u00fcdisches Leben vor. Interessierte k\u00f6nnen sich Inspiration f\u00fcr die p\u00e4dagogische Praxis holen \u2013 jenseits von Klischees. Weitere Informationen:&nbsp;<a href=\"https:\/\/2021jlid.de\/bildung\/\">https:\/\/2021jlid.de\/bildung\/<\/a>&nbsp;&nbsp;<\/p>\n\n\n\n<p><strong>Jewersity<\/strong><br>In seiner Online-Ausstellung \u201eJewersity\u201c \u2013 Jewish Diversity \u2013 erz\u00e4hlt Jan Feldman in kurzen Clips vom J\u00fcdischsein in Deutschland. Im kompakten Format einer Instagram-Story gibt der K\u00fcnstler j\u00fcdischem Leben der Gegenwart in dieser Schau viele Gesichter. Weitere Informationen:&nbsp;<a href=\"https:\/\/2021jlid.de\/jewersity\/\">https:\/\/2021jlid.de\/jewersity\/<\/a>&nbsp;&nbsp;<br><br><strong>Bubales Puppentheater<\/strong><br>Was ist eigentlich Chanukka? Oder Simchat Tora? Kinderleicht erkl\u00e4ren das die K\u00fcnstler*innen des Puppentheaters Bubales. Wir haben mit der \u00e4ltesten j\u00fcdischen Figurentheaterb\u00fchne in Deutschland eine Video-Reihe produziert, die durch alle j\u00fcdischen Feiertage f\u00fchrt. Die Videos werden im Schulunterricht eingesetzt und sind vor allem bei Facebook sehr erfolgreich \u2013 nicht nur bei jungen Zuschauer*innen. Zudem wurde die k\u00fcnstlerische Leiterin des Puppentheaters Bubales Shlomit Tripp im Januar 2022 f\u00fcr ihre Arbeit mit dem Obermayer Award 2022 ausgezeichnet. Weitere Informationen:&nbsp;<a href=\"https:\/\/2021jlid.de\/bubales-puppentheater\/\">https:\/\/2021jlid.de\/bubales-puppentheater\/<\/a>&nbsp;&nbsp;<br><br><strong>Songs<\/strong><br>Kaum etwas ist so eing\u00e4ngig wie ein guter Song. Der Verein 321 hat die Musiker Shantel, Ben Salomo und ODBLU beauftragt, Lieder zum Festjahr zu schreiben. Entstanden sind Songs, die mal Klezmer mit Balkanrhythmen verbinden, mal gerappt werden oder die Mittel aktueller Popmusik nutzen. Alle Lieder verbindet eins: Texte mit engagierter Botschaft. Weitere Informationen:&nbsp;<a href=\"https:\/\/2021jlid.de\/songs-und-musikvideos\/\">https:\/\/2021jlid.de\/songs-und-musikvideos\/<\/a><\/p>\n\n\n\n<p>Der Vorstandsvorsitzende des Vereins 321\u00a0<strong>Matthias Schreiber<\/strong>\u00a0sagt: \u201eMehr als ein Jahr auf j\u00fcdischen Spuren unterwegs zu sein mit gro\u00dfartiger Kultur und der Auseinandersetzung \u00fcber die H\u00f6hen, Tiefen und den Graben unserer Geschichte \u2013 so etwas war lange unvorstellbar. Das Festjahr h\u00e4tte das Zeug f\u00fcr eine ganze Dekade!\u201d<br><br><br>Hochaufl\u00f6sendes Bildmaterial zu den Highlights des Festjahres k\u00f6nnen Sie hier downloaden:\u00a0<a href=\"https:\/\/wetransfer.com\/downloads\/f81daed71bfc33aae4479a46aa59971620220620094640\/b2207b4fe45f92ab675f17a79ad9de4e20220620094716\/e6a112\">Bilder<\/a> <\/p>\n\n\n\n<p>Umfangreiche Informationen und hochaufl\u00f6sendes Bildmaterial unserer Projektpartner zum Download finden Sie auf unserem Presseportal:\u00a0<a href=\"https:\/\/presse.2021jlid.de\/\">https:\/\/presse.2021jlid.de\/<\/a>\u00a0<br><br>Die gro\u00dfe\u00a0<strong>Abschlussfeier des Festjahres<\/strong>\u00a0findet\u00a0<strong>am 23. Juni, ab 19 Uhr, in Berlin<\/strong>\u00a0statt. Wenn Sie \u00fcber die Finissage berichten m\u00f6chten, melden Sie sich bitte unter\u00a0<a href=\"mailto:presse@2021JLID.de\">presse@2021JLID.de<\/a>\u00a0an.<\/p>\n\n\n\n<p><\/p>\n","protected":false},"excerpt":{"rendered":"<p>1700 Jahre j\u00fcdisches Leben in Deutschland \u2013 f\u00fcr den Verein \u201e321-2021: 1700 Jahre J\u00fcdisches Leben in Deutschland\u201c war das Anlass, auf die wechselvolle Geschichte der J\u00fcdinnen*Juden in Deutschland zu blicken \u2013 vor allem aber auf die vielf\u00e4ltige, lebendige Gegenwart. <\/p>\n","protected":false},"featured_media":55207,"template":"","yoast_head":"<!-- This site is optimized with the Yoast SEO plugin v19.4 - https:\/\/yoast.com\/wordpress\/plugins\/seo\/ -->\n<title>Festjahr \u201e1700 Jahre j\u00fcdisches Leben in Deutschland\u201c geht zu Ende: \u201eDas Festjahr h\u00e4tte das Zeug f\u00fcr eine ganze Dekade!\u201c - JLID2021<\/title>\n<meta name=\"robots\" content=\"index, follow, max-snippet:-1, max-image-preview:large, max-video-preview:-1\" \/>\n<link rel=\"canonical\" href=\"https:\/\/2021jlid.de\/en\/pressemitteilungen\/festjahr-1700-jahre-juedisches-leben-in-deutschland-geht-zu-ende-das-festjahr-haette-das-zeug-fuer-eine-ganze-dekade\/\" \/>\n<meta property=\"og:locale\" content=\"en_US\" \/>\n<meta property=\"og:type\" content=\"article\" \/>\n<meta property=\"og:title\" content=\"Festjahr \u201e1700 Jahre j\u00fcdisches Leben in Deutschland\u201c geht zu Ende: \u201eDas Festjahr h\u00e4tte das Zeug f\u00fcr eine ganze Dekade!\u201c - JLID2021\" \/>\n<meta property=\"og:description\" content=\"1700 Jahre j\u00fcdisches Leben in Deutschland \u2013 f\u00fcr den Verein \u201e321-2021: 1700 Jahre J\u00fcdisches Leben in Deutschland\u201c war das Anlass, auf die wechselvolle Geschichte der J\u00fcdinnen*Juden in Deutschland zu blicken \u2013 vor allem aber auf die vielf\u00e4ltige, lebendige Gegenwart.\" \/>\n<meta property=\"og:url\" content=\"https:\/\/2021jlid.de\/pressemitteilungen\/festjahr-1700-jahre-juedisches-leben-in-deutschland-geht-zu-ende-das-festjahr-haette-das-zeug-fuer-eine-ganze-dekade\/\" \/>\n<meta property=\"og:site_name\" content=\"JLID2021\" \/>\n<meta property=\"article:modified_time\" content=\"2022-06-22T10:49:27+00:00\" \/>\n<meta property=\"og:image\" content=\"https:\/\/2021jlid.de\/wp-content\/uploads\/2022\/06\/Makkabi-Deutschland-zeigt-Flagge-\u00a9Makkabi-Deutschland.jpg\" \/>\n\t<meta property=\"og:image:width\" content=\"2048\" \/>\n\t<meta property=\"og:image:height\" content=\"1536\" \/>\n\t<meta property=\"og:image:type\" content=\"image\/jpeg\" \/>\n<meta name=\"twitter:card\" content=\"summary_large_image\" \/>\n<meta name=\"twitter:label1\" content=\"Est. reading time\" \/>\n\t<meta name=\"twitter:data1\" content=\"6 minutes\" \/>\n<script type=\"application\/ld+json\" class=\"yoast-schema-graph\">{\"@context\":\"https:\/\/schema.org\",\"@graph\":[{\"@type\":\"WebSite\",\"@id\":\"https:\/\/2021jlid.de\/#website\",\"url\":\"https:\/\/2021jlid.de\/\",\"name\":\"JLID2021\",\"description\":\"J\u00fcdisches Leben in Deutschland\",\"potentialAction\":[{\"@type\":\"SearchAction\",\"target\":{\"@type\":\"EntryPoint\",\"urlTemplate\":\"https:\/\/2021jlid.de\/?s={search_term_string}\"},\"query-input\":\"required name=search_term_string\"}],\"inLanguage\":\"en-US\"},{\"@type\":\"WebPage\",\"@id\":\"https:\/\/2021jlid.de\/pressemitteilungen\/festjahr-1700-jahre-juedisches-leben-in-deutschland-geht-zu-ende-das-festjahr-haette-das-zeug-fuer-eine-ganze-dekade\/\",\"url\":\"https:\/\/2021jlid.de\/pressemitteilungen\/festjahr-1700-jahre-juedisches-leben-in-deutschland-geht-zu-ende-das-festjahr-haette-das-zeug-fuer-eine-ganze-dekade\/\",\"name\":\"Festjahr \u201e1700 Jahre j\u00fcdisches Leben in Deutschland\u201c geht zu Ende: \u201eDas Festjahr h\u00e4tte das Zeug f\u00fcr eine ganze Dekade!\u201c - JLID2021\",\"isPartOf\":{\"@id\":\"https:\/\/2021jlid.de\/#website\"},\"datePublished\":\"2022-06-22T10:47:38+00:00\",\"dateModified\":\"2022-06-22T10:49:27+00:00\",\"breadcrumb\":{\"@id\":\"https:\/\/2021jlid.de\/pressemitteilungen\/festjahr-1700-jahre-juedisches-leben-in-deutschland-geht-zu-ende-das-festjahr-haette-das-zeug-fuer-eine-ganze-dekade\/#breadcrumb\"},\"inLanguage\":\"en-US\",\"potentialAction\":[{\"@type\":\"ReadAction\",\"target\":[\"https:\/\/2021jlid.de\/pressemitteilungen\/festjahr-1700-jahre-juedisches-leben-in-deutschland-geht-zu-ende-das-festjahr-haette-das-zeug-fuer-eine-ganze-dekade\/\"]}]},{\"@type\":\"BreadcrumbList\",\"@id\":\"https:\/\/2021jlid.de\/pressemitteilungen\/festjahr-1700-jahre-juedisches-leben-in-deutschland-geht-zu-ende-das-festjahr-haette-das-zeug-fuer-eine-ganze-dekade\/#breadcrumb\",\"itemListElement\":[{\"@type\":\"ListItem\",\"position\":1,\"name\":\"Start\",\"item\":\"https:\/\/2021jlid.de\/en\/\"},{\"@type\":\"ListItem\",\"position\":2,\"name\":\"Festjahr \u201e1700 Jahre j\u00fcdisches Leben in Deutschland\u201c geht zu Ende: \u201eDas Festjahr h\u00e4tte das Zeug f\u00fcr eine ganze Dekade!\u201c\"}]}]}<\/script>\n<!-- \/ Yoast SEO plugin. -->","yoast_head_json":{"title":"Festjahr \u201e1700 Jahre j\u00fcdisches Leben in Deutschland\u201c geht zu Ende: \u201eDas Festjahr h\u00e4tte das Zeug f\u00fcr eine ganze Dekade!\u201c - JLID2021","robots":{"index":"index","follow":"follow","max-snippet":"max-snippet:-1","max-image-preview":"max-image-preview:large","max-video-preview":"max-video-preview:-1"},"canonical":"https:\/\/2021jlid.de\/en\/pressemitteilungen\/festjahr-1700-jahre-juedisches-leben-in-deutschland-geht-zu-ende-das-festjahr-haette-das-zeug-fuer-eine-ganze-dekade\/","og_locale":"en_US","og_type":"article","og_title":"Festjahr \u201e1700 Jahre j\u00fcdisches Leben in Deutschland\u201c geht zu Ende: \u201eDas Festjahr h\u00e4tte das Zeug f\u00fcr eine ganze Dekade!\u201c - JLID2021","og_description":"1700 Jahre j\u00fcdisches Leben in Deutschland \u2013 f\u00fcr den Verein \u201e321-2021: 1700 Jahre J\u00fcdisches Leben in Deutschland\u201c war das Anlass, auf die wechselvolle Geschichte der J\u00fcdinnen*Juden in Deutschland zu blicken \u2013 vor allem aber auf die vielf\u00e4ltige, lebendige Gegenwart.","og_url":"https:\/\/2021jlid.de\/pressemitteilungen\/festjahr-1700-jahre-juedisches-leben-in-deutschland-geht-zu-ende-das-festjahr-haette-das-zeug-fuer-eine-ganze-dekade\/","og_site_name":"JLID2021","article_modified_time":"2022-06-22T10:49:27+00:00","og_image":[{"width":2048,"height":1536,"url":"https:\/\/2021jlid.de\/wp-content\/uploads\/2022\/06\/Makkabi-Deutschland-zeigt-Flagge-\u00a9Makkabi-Deutschland.jpg","type":"image\/jpeg"}],"twitter_card":"summary_large_image","twitter_misc":{"Est. reading time":"6 minutes"},"schema":{"@context":"https:\/\/schema.org","@graph":[{"@type":"WebSite","@id":"https:\/\/2021jlid.de\/#website","url":"https:\/\/2021jlid.de\/","name":"JLID2021","description":"J\u00fcdisches Leben in Deutschland","potentialAction":[{"@type":"SearchAction","target":{"@type":"EntryPoint","urlTemplate":"https:\/\/2021jlid.de\/?s={search_term_string}"},"query-input":"required name=search_term_string"}],"inLanguage":"en-US"},{"@type":"WebPage","@id":"https:\/\/2021jlid.de\/pressemitteilungen\/festjahr-1700-jahre-juedisches-leben-in-deutschland-geht-zu-ende-das-festjahr-haette-das-zeug-fuer-eine-ganze-dekade\/","url":"https:\/\/2021jlid.de\/pressemitteilungen\/festjahr-1700-jahre-juedisches-leben-in-deutschland-geht-zu-ende-das-festjahr-haette-das-zeug-fuer-eine-ganze-dekade\/","name":"Festjahr \u201e1700 Jahre j\u00fcdisches Leben in Deutschland\u201c geht zu Ende: \u201eDas Festjahr h\u00e4tte das Zeug f\u00fcr eine ganze Dekade!\u201c - JLID2021","isPartOf":{"@id":"https:\/\/2021jlid.de\/#website"},"datePublished":"2022-06-22T10:47:38+00:00","dateModified":"2022-06-22T10:49:27+00:00","breadcrumb":{"@id":"https:\/\/2021jlid.de\/pressemitteilungen\/festjahr-1700-jahre-juedisches-leben-in-deutschland-geht-zu-ende-das-festjahr-haette-das-zeug-fuer-eine-ganze-dekade\/#breadcrumb"},"inLanguage":"en-US","potentialAction":[{"@type":"ReadAction","target":["https:\/\/2021jlid.de\/pressemitteilungen\/festjahr-1700-jahre-juedisches-leben-in-deutschland-geht-zu-ende-das-festjahr-haette-das-zeug-fuer-eine-ganze-dekade\/"]}]},{"@type":"BreadcrumbList","@id":"https:\/\/2021jlid.de\/pressemitteilungen\/festjahr-1700-jahre-juedisches-leben-in-deutschland-geht-zu-ende-das-festjahr-haette-das-zeug-fuer-eine-ganze-dekade\/#breadcrumb","itemListElement":[{"@type":"ListItem","position":1,"name":"Start","item":"https:\/\/2021jlid.de\/en\/"},{"@type":"ListItem","position":2,"name":"Festjahr \u201e1700 Jahre j\u00fcdisches Leben in Deutschland\u201c geht zu Ende: \u201eDas Festjahr h\u00e4tte das Zeug f\u00fcr eine ganze Dekade!\u201c"}]}]}},"_links":{"self":[{"href":"https:\/\/2021jlid.de\/en\/wp-json\/wp\/v2\/press_release\/55211"}],"collection":[{"href":"https:\/\/2021jlid.de\/en\/wp-json\/wp\/v2\/press_release"}],"about":[{"href":"https:\/\/2021jlid.de\/en\/wp-json\/wp\/v2\/types\/press_release"}],"wp:featuredmedia":[{"embeddable":true,"href":"https:\/\/2021jlid.de\/en\/wp-json\/wp\/v2\/media\/55207"}],"wp:attachment":[{"href":"https:\/\/2021jlid.de\/en\/wp-json\/wp\/v2\/media?parent=55211"}],"curies":[{"name":"wp","href":"https:\/\/api.w.org\/{rel}","templated":true}]}}